{"id":312,"date":"2019-03-12T12:58:51","date_gmt":"2019-03-12T11:58:51","guid":{"rendered":"https:\/\/kervrac.fr\/?p=312"},"modified":"2019-05-14T10:17:50","modified_gmt":"2019-05-14T08:17:50","slug":"ouverture-de-votre-epicerie-kervrac","status":"publish","type":"post","link":"https:\/\/ho-pongo.bzh\/kervrac\/ouverture-de-votre-epicerie-kervrac\/","title":{"rendered":"Ouverture de votre \u00e9picerie Ker\u2019Vrac, 11h &#8211; 19h30"},"content":{"rendered":"<p>Apr\u00e8s un \u00e9t\u00e9 de travaux, l&rsquo;\u00e9picerie de proximit\u00e9 que vous attendiez toutes et tous \u00e0 Pont-l&rsquo;Abb\u00e9 a enfin ouvert ses portes. Le samedi 29 septembre, nous \u00e9tions \u00e0 pied d&rsquo;\u0153uvre pour vous accueillir. C&rsquo;est avec un immense plaisir que nous avons re\u00e7u nos premiers visiteurs. Nombreux ont \u00e9t\u00e9 les soutiens et les encouragements depuis plusieurs mois, merci. Ceci d\u00e9montre une prise de conscience dans la n\u00e9cessit\u00e9 d&rsquo;aller vers le z\u00e9ro d\u00e9chet et nous conforte dans notre projet.<\/p>\n<h2>Des horaires d&rsquo;ouverture<br \/>\nen continu<\/h2>\n<p>Apr\u00e8s avoir test\u00e9 des horaires avec une pause le midi, nous avons finalement d\u00e9cid\u00e9 d&rsquo;ouvrir en continu <span class=\"texte-gras\">de 11 h \u00e0 19 h 30, du mardi au samedi<\/span>. En effet, de nombreuses personnes travaillant \u00e0 Pont-l&rsquo;Abb\u00e9 ou aux alentours profitent de leur propre pause pour faire leurs achats.<\/p>\n<h2>Le mode d&#8217;emploi<br \/>\npour acheter en vrac<\/h2>\n<p>Certains visiteurs d\u00e9couvrent sans doute l&rsquo;achat en vrac. C&rsquo;est pourtant ainsi que nos parents et grands-parents faisaient leurs courses. Pas de panique donc, il n&rsquo;y a rien de plus simple.<\/p>\n<p>Cela demande un peu d&rsquo;organisation. Il faut penser \u00e0 avoir ses contenants \u00e0 port\u00e9e de main et bien organiser ses placards. L&rsquo;habitude vient tr\u00e8s vite.<\/p>\n<p>A la boutique, nous avons fait en sorte que les choses soient simples. Nous vous avons pr\u00e9par\u00e9 un <span class=\"texte-gras\"><a href=\"https:\/\/kervrac.fr\/mode-demploi\/\">mode d&#8217;emploi<\/a><\/span>. Sur cette page vous pouvez visualiser les diff\u00e9rentes \u00e9tapes pour faire vos courses.<\/p>\n<h2>Des produits de base et de saison<\/h2>\n<p>Dans les tr\u00e9mies de Ker&rsquo;Vrac on trouve tous les produits de base, c\u00e9r\u00e9ales, l\u00e9gumineuses, p\u00e2tes, sucres, th\u00e9s&#8230;<\/p>\n<p>Nous proposons aussi des l\u00e9gumes et fruits, en fonction de la production de nos fournisseurs mara\u00eechers. Les arrivages d\u00e9pendent de la saison. Nous projetons de mettre en place un service de paniers.<\/p>\n<p>Le rayon boisson n&rsquo;est pas en reste. Notre fournisseur en vin nous a fait une s\u00e9lection plus que sympathique. Mais vous trouverez aussi des boissons sans alcool.<\/p>\n<h2>Notre premier atelier<\/h2>\n<p>Le 22 septembre a eu lieu le premier atelier DIY (do it yourself, c&rsquo;est \u00e0 dire : faites le vous m\u00eames). Une \u00e9quipe de participants s&rsquo;est initi\u00e9 \u00e0 la r\u00e9alisation d&rsquo;une table en bois de palette.<\/p>\n<p>D&rsquo;autres rendez-vous viendront tout au long de l&rsquo;ann\u00e9e. Pour conna\u00eetre les dates, <span class=\"texte-gras\"><a href=\"https:\/\/www.facebook.com\/KerVrac\/\">abonnez-vous \u00e0 notre page Facebook<\/a><\/span> ou \u00e0 notre info-lettre.<\/p>\n<p>A bient\u00f4t&#8230;<\/p>\n","protected":false},"excerpt":{"rendered":"<p>Apr\u00e8s un \u00e9t\u00e9 de travaux, l&rsquo;\u00e9picerie de proximit\u00e9 que vous attendiez toutes et tous \u00e0 Pont-l&rsquo;Abb\u00e9 a enfin ouvert ses portes. Le samedi 29 septembre, nous \u00e9tions \u00e0 pied d&rsquo;\u0153uvre pour vous accueillir. C&rsquo;est avec un immense plaisir que nous avons re\u00e7u nos premiers visiteurs. Nombreux ont \u00e9t\u00e9 les soutiens et les encouragements depuis plusieurs mois, merci. Ceci d\u00e9montre une prise de conscience dans la n\u00e9cessit\u00e9 d&rsquo;aller vers le z\u00e9ro d\u00e9chet et nous conforte dans notre projet. Des horaires d&rsquo;ouverture en continu Apr\u00e8s avoir test\u00e9 des horaires avec une pause le midi, nous avons finalement d\u00e9cid\u00e9 d&rsquo;ouvrir en continu de 11 h \u00e0 19 h 30, du mardi au samedi. En effet, de nombreuses personnes travaillant \u00e0 Pont-l&rsquo;Abb\u00e9 ou aux alentours profitent de leur propre pause pour faire leurs achats. Le mode d&#8217;emploi pour acheter en vrac Certains visiteurs d\u00e9couvrent sans doute l&rsquo;achat en vrac. C&rsquo;est pourtant ainsi que nos parents et grands-parents faisaient leurs courses. Pas de panique donc, il n&rsquo;y a rien de plus simple. Cela demande un peu d&rsquo;organisation. Il faut penser \u00e0 avoir ses contenants \u00e0 port\u00e9e de main et bien organiser ses placards. L&rsquo;habitude vient tr\u00e8s vite. A la boutique, nous avons fait en sorte que les choses soient simples. Nous vous avons pr\u00e9par\u00e9 un mode d&#8217;emploi. Sur cette page vous pouvez visualiser les diff\u00e9rentes \u00e9tapes pour faire vos courses. Des produits de base et de saison Dans les tr\u00e9mies de Ker&rsquo;Vrac on trouve tous les produits de base, c\u00e9r\u00e9ales, l\u00e9gumineuses, p\u00e2tes, sucres, th\u00e9s&#8230; Nous proposons aussi des l\u00e9gumes et fruits, en fonction de la production de nos fournisseurs mara\u00eechers. Les arrivages d\u00e9pendent de la saison. Nous projetons de mettre en place un service de paniers. Le rayon boisson n&rsquo;est pas en reste. Notre fournisseur en vin nous a fait une s\u00e9lection plus que sympathique. Mais vous trouverez aussi des boissons sans alcool. Notre premier atelier Le 22 septembre a eu lieu le premier atelier DIY (do it yourself, c&rsquo;est \u00e0 dire : faites le vous m\u00eames). Une \u00e9quipe de participants s&rsquo;est initi\u00e9 \u00e0 la r\u00e9alisation d&rsquo;une table en bois de palette. D&rsquo;autres rendez-vous viendront tout au long de l&rsquo;ann\u00e9e. Pour conna\u00eetre les dates, abonnez-vous \u00e0 notre page Facebook ou \u00e0 notre info-lettre. A bient\u00f4t&#8230;<\/p>\n","protected":false},"author":1,"featured_media":369,"comment_status":"open","ping_status":"open","sticky":false,"template":"","format":"standard","meta":[],"categories":[37],"tags":[],"_links":{"self":[{"href":"https:\/\/ho-pongo.bzh\/kervrac\/wp-json\/wp\/v2\/posts\/312"}],"collection":[{"href":"https:\/\/ho-pongo.bzh\/kervrac\/wp-json\/wp\/v2\/posts"}],"about":[{"href":"https:\/\/ho-pongo.bzh\/kervrac\/wp-json\/wp\/v2\/types\/post"}],"author":[{"embeddable":true,"href":"https:\/\/ho-pongo.bzh\/kervrac\/wp-json\/wp\/v2\/users\/1"}],"replies":[{"embeddable":true,"href":"https:\/\/ho-pongo.bzh\/kervrac\/wp-json\/wp\/v2\/comments?post=312"}],"version-history":[{"count":2,"href":"https:\/\/ho-pongo.bzh\/kervrac\/wp-json\/wp\/v2\/posts\/312\/revisions"}],"predecessor-version":[{"id":935,"href":"https:\/\/ho-pongo.bzh\/kervrac\/wp-json\/wp\/v2\/posts\/312\/revisions\/935"}],"wp:featuredmedia":[{"embeddable":true,"href":"https:\/\/ho-pongo.bzh\/kervrac\/wp-json\/wp\/v2\/media\/369"}],"wp:attachment":[{"href":"https:\/\/ho-pongo.bzh\/kervrac\/wp-json\/wp\/v2\/media?parent=312"}],"wp:term":[{"taxonomy":"category","embeddable":true,"href":"https:\/\/ho-pongo.bzh\/kervrac\/wp-json\/wp\/v2\/categories?post=312"},{"taxonomy":"post_tag","embeddable":true,"href":"https:\/\/ho-pongo.bzh\/kervrac\/wp-json\/wp\/v2\/tags?post=312"}],"curies":[{"name":"wp","href":"https:\/\/api.w.org\/{rel}","templated":true}]}}